{"id":1741,"date":"2024-04-02T14:52:00","date_gmt":"2024-04-02T19:52:00","guid":{"rendered":"https:\/\/generation-e.ca\/?post_type=news&#038;p=1741"},"modified":"2024-04-02T14:53:35","modified_gmt":"2024-04-02T19:53:35","slug":"ressources-en-classe-a-loccasion-du-jour-de-la-terre","status":"publish","type":"news","link":"https:\/\/generation-e.ca\/fr\/nouvelles\/ressources-en-classe-a-loccasion-du-jour-de-la-terre\/","title":{"rendered":"RESSOURCES EN CLASSE \u00c0 L\u2019OCCASION DU JOUR DE LA TERRE"},"content":{"rendered":"<div class=\"fusion-fullwidth fullwidth-box fusion-builder-row-1 fusion-flex-container nonhundred-percent-fullwidth non-hundred-percent-height-scrolling\" style=\"--awb-border-radius-top-left:0px;--awb-border-radius-top-right:0px;--awb-border-radius-bottom-right:0px;--awb-border-radius-bottom-left:0px;--awb-flex-wrap:wrap;\" ><div class=\"fusion-builder-row fusion-row fusion-flex-align-items-flex-start fusion-flex-content-wrap\" style=\"max-width:1248px;margin-left: calc(-4% \/ 2 );margin-right: calc(-4% \/ 2 );\"><div class=\"fusion-layout-column fusion_builder_column fusion-builder-column-0 fusion_builder_column_1_1 1_1 fusion-flex-column\" style=\"--awb-bg-size:cover;--awb-width-large:100%;--awb-margin-top-large:0px;--awb-spacing-right-large:1.92%;--awb-margin-bottom-large:0px;--awb-spacing-left-large:1.92%;--awb-width-medium:100%;--awb-spacing-right-medium:1.92%;--awb-spacing-left-medium:1.92%;--awb-width-small:100%;--awb-spacing-right-small:1.92%;--awb-spacing-left-small:1.92%;\"><div class=\"fusion-column-wrapper fusion-flex-justify-content-flex-start fusion-content-layout-column\"><div class=\"fusion-text fusion-text-1\"><p><span class=\"TextRun SCXW222819818 BCX0\" lang=\"FR-CA\" xml:lang=\"FR-CA\" data-contrast=\"auto\"><span class=\"NormalTextRun SCXW222819818 BCX0\">Percevez-vous cette sensation d'excitation qui nous envahit? Le Jour de la Terre est \u00e0 nos portes! Soulign\u00e9 chaque ann\u00e9e le 22 avril, le Jour de la Terre nous rappelle \u00e0 quel point il est urgent de prot\u00e9ger notre plan\u00e8te. En tant qu'\u00e9ducateurs et \u00e9ducatrices, une possibilit\u00e9 inou\u00efe vous est offerte de donner \u00e0 vos \u00e9l\u00e8ves les moyens d'exercer une influence positive gr\u00e2ce \u00e0 l'efficacit\u00e9 \u00e9nerg\u00e9tique. C\u00e9l\u00e9brons ensemble le Jour de la Terre et dotons les \u00e9l\u00e8ves des outils et des ressources dont ils ont besoin pour \u00e9conomiser l'\u00e9nergie et provoquer un changement. Consultez les ressources de G\u00e9n\u00e9ration E ci-dessous pour d\u00e9marrer!<\/span><\/span><span class=\"EOP SCXW222819818 BCX0\" data-ccp-props=\"\">\u00a0<\/span><\/p>\n<h2><strong><span class=\"TextRun MacChromeBold SCXW82194061 BCX0\" lang=\"FR-CA\" xml:lang=\"FR-CA\" data-contrast=\"none\"><span class=\"NormalTextRun SCXW82194061 BCX0\">PRATIQUES EN CLASSE POUR \u00c9CONOMISER L'\u00c9NERGIE<\/span><\/span><\/strong><\/h2>\n<p><span data-contrast=\"none\">Votre classe repr\u00e9sente le tremplin id\u00e9al pour mettre en place des habitudes durables. En encourageant les pratiques d'\u00e9conomie d'\u00e9nergie en classe, les \u00e9l\u00e8ves pourront commencer \u00e0 les mettre en pratique \u00e0 la maison.\u202f<\/span><span data-ccp-props=\"\">\u00a0<\/span><\/p>\n<p><span data-contrast=\"none\">Voici quelques fa\u00e7ons dont vous pouvez \u00e9conomiser l'\u00e9nergie en classe\u202f:<\/span><span data-ccp-props=\"\">\u00a0<\/span><\/p>\n<ul>\n<li data-leveltext=\"\uf0b7\" data-font=\"Symbol\" data-listid=\"23\" data-list-defn-props=\"\" data-aria-posinset=\"1\" data-aria-level=\"1\"><b><span data-contrast=\"none\">\u00c9teignez les lumi\u00e8res lorsqu'il n'y a plus personne dans la classe.<\/span><\/b><span data-contrast=\"none\"> Il s'agit l\u00e0 d'un geste \u00e0 la fois simple et percutant qui permet de r\u00e9duire consid\u00e9rablement la consommation d'\u00e9nergie.<\/span><span data-ccp-props=\"\">\u00a0<\/span><\/li>\n<li data-leveltext=\"\uf0b7\" data-font=\"Symbol\" data-listid=\"23\" data-list-defn-props=\"\" data-aria-posinset=\"1\" data-aria-level=\"1\"><b><span data-contrast=\"none\">D\u00e9branchez les appareils \u00e9lectroniques apr\u00e8s les avoir utilis\u00e9s. <\/span><\/b><span data-contrast=\"none\">Le courant absorb\u00e9 au repos s'accumule; d\u00e9branchez vos appareils apr\u00e8s les avoir utilis\u00e9s et vous \u00e9conomiserez ainsi de l'\u00e9nergie.<\/span><span data-ccp-props=\"\">\u00a0<\/span><\/li>\n<li data-leveltext=\"\uf0b7\" data-font=\"Symbol\" data-listid=\"23\" data-list-defn-props=\"\" data-aria-posinset=\"1\" data-aria-level=\"1\"><b><span data-contrast=\"none\">Maximisez la ventilation naturelle<\/span><\/b><span data-contrast=\"none\"> Si votre classe est munie de fen\u00eatres mobiles, ouvrez-les et laissez entrer l'air frais, ce qui repr\u00e9sente un moyen formidable de profiter de l'air printanier.\u202f<\/span><span data-ccp-props=\"\">\u00a0<\/span><\/li>\n<\/ul>\n<p><span data-contrast=\"none\">Conseil\u202f: <\/span><a href=\"https:\/\/generation-e.ca\/fr\/ressources\/efficacite-energetique-en-classe\/\"><span data-contrast=\"none\">T\u00e9l\u00e9chargez et imprimez notre liste de v\u00e9rification en classe!<\/span><\/a><span data-contrast=\"none\"> Cette liste pr\u00e9sente aux \u00e9l\u00e8ves des gestes qu'ils peuvent poser tous les jours en classe dans le but d'\u00e9conomiser l'\u00e9nergie.<\/span><span data-ccp-props=\"\">\u00a0<\/span><\/p>\n<h2><span class=\"TextRun Highlight MacChromeBold SCXW254940379 BCX0\" lang=\"FR-CA\" xml:lang=\"FR-CA\" data-contrast=\"none\"><span class=\"NormalTextRun SCXW254940379 BCX0\" data-ccp-parastyle=\"Normal (Web)\">FAITES L'ACQUISITION DE BONNES HABITUDES GR\u00c2CE \u00c0 CET OUTIL DE SUIVI<\/span><\/span><\/h2>\n<p><span data-contrast=\"none\">Le Jour de la Terre constitue un rappel exceptionnel de l'importance de poser des gestes durables. Il est donc important que les \u00e9l\u00e8ves comprennent que le changement d\u00e9coule d'un effort \u00e0 long terme. En pr\u00e9sentant l'outil de suivi des habitudes \u00e0 vos \u00e9l\u00e8ves, vous pouvez souligner l'importance de la constance et de la responsabilisation et amener vos \u00e9l\u00e8ves \u00e0 acqu\u00e9rir des comportements vraiment ax\u00e9s sur l'efficacit\u00e9 \u00e9nerg\u00e9tique.<\/span><span data-ccp-props=\"\">\u00a0<\/span><\/p>\n<p><span data-contrast=\"none\">Vous en apprendrez davantage \u00e0 propos de nos outils de suivi des habitudes <\/span><a href=\"https:\/\/generation-e.ca\/fr\/nouvelles\/apprenez-a-economiser-lenergie-grace-aux-outils-de-suivi-des-habitudes\/\"><span data-contrast=\"none\">sur notre blogue<\/span><\/a><span data-contrast=\"none\"> ou en regardant cette <\/span><a href=\"https:\/\/www.youtube.com\/shorts\/yyZrDIHb3sU\"><span data-contrast=\"none\">courte vid\u00e9o<\/span><\/a><span data-contrast=\"none\"> (disponible en anglais seulement)<\/span><span data-contrast=\"none\">.\u202f<\/span><span data-ccp-props=\"\">\u00a0<\/span><\/p>\n<h2><span class=\"TextRun Highlight MacChromeBold SCXW254940379 BCX0\" lang=\"FR-CA\" xml:lang=\"FR-CA\" data-contrast=\"none\"><span class=\"NormalTextRun SCXW254940379 BCX0\" data-ccp-parastyle=\"Normal (Web)\"><span class=\"TextRun Highlight MacChromeBold SCXW218976155 BCX0\" lang=\"FR-CA\" xml:lang=\"FR-CA\" data-contrast=\"none\"><span class=\"NormalTextRun SCXW218976155 BCX0\" data-ccp-parastyle=\"Normal (Web)\">D\u00c9MARREZ LA DISCUSSION EN CLASSE<\/span><\/span><\/span><\/span><\/h2>\n<p><span data-contrast=\"none\">Les discussions en classe occupent une place essentielle lorsqu'il s'agit d'aider les \u00e9l\u00e8ves \u00e0 comprendre le r\u00f4le important de l'efficacit\u00e9 \u00e9nerg\u00e9tique et son impact g\u00e9n\u00e9ral sur l'environnement. Elles constituent \u00e9galement un moyen formidable de favoriser la r\u00e9flexion collaborative et pour aider \u00e0 d\u00e9couvrir des solutions pratiques dans le but de r\u00e9duire la consommation d'\u00e9nergie \u00e0 l'\u00e9cole et au sein de la communaut\u00e9 en g\u00e9n\u00e9ral.\u202f<\/span><span data-ccp-props=\"\">\u00a0<\/span><\/p>\n<p><span data-contrast=\"none\">Vous pouvez commencer en posant les questions suivantes \u00e0 vos \u00e9l\u00e8ves\u202f:<\/span><span data-ccp-props=\"\">\u00a0<\/span><\/p>\n<ul>\n<li data-leveltext=\"\uf0b7\" data-font=\"Symbol\" data-listid=\"24\" data-list-defn-props=\"\" data-aria-posinset=\"1\" data-aria-level=\"1\"><span data-contrast=\"none\">Pour quelle raison croyez-vous qu'il soit important d'\u00e9conomiser l'\u00e9nergie pour notre plan\u00e8te?<\/span><span data-ccp-props=\"\">\u00a0<\/span><\/li>\n<li data-leveltext=\"\uf0b7\" data-font=\"Symbol\" data-listid=\"24\" data-list-defn-props=\"\" data-aria-posinset=\"1\" data-aria-level=\"1\"><span data-contrast=\"none\">Quels gestes pouvons-nous poser tous les jours afin de r\u00e9duire notre consommation d'\u00e9nergie \u00e0 la maison et \u00e0 l'\u00e9cole?<\/span><span data-ccp-props=\"\">\u00a0<\/span><\/li>\n<li data-leveltext=\"\uf0b7\" data-font=\"Symbol\" data-listid=\"24\" data-list-defn-props=\"\" data-aria-posinset=\"1\" data-aria-level=\"1\"><span data-contrast=\"none\">Comment pouvons-nous recourir aux technologies pour \u00e9conomiser l'\u00e9nergie et ferons-nous face \u00e0 des inconv\u00e9nients potentiels si nous d\u00e9pendons de la technologie pour accro\u00eetre notre efficacit\u00e9 \u00e9nerg\u00e9tique?\u202f<\/span><span data-ccp-props=\"\">\u00a0<\/span><\/li>\n<li data-leveltext=\"\uf0b7\" data-font=\"Symbol\" data-listid=\"24\" data-list-defn-props=\"\" data-aria-posinset=\"1\" data-aria-level=\"1\"><span data-contrast=\"none\">Qu'avez-vous appris de nouveau aujourd'hui qui pourrait vous aider \u00e0 \u00eatre plus durable \u00e0 l'avenir? (Conseil\u202f: Notre activit\u00e9 intitul\u00e9 <\/span><a href=\"https:\/\/generation-e.ca\/fr\/mon-engagement-envers-la-planete\/\"><span data-contrast=\"none\">Mon engagement envers la plan\u00e8te <\/span><\/a><span data-contrast=\"none\">repr\u00e9sente un excellent moyen pour permettre \u00e0 vos \u00e9l\u00e8ves de r\u00e9fl\u00e9chir sur leurs propres habitudes et de s'engager \u00e0 apporter des changements qui sont importants \u00e0 leurs yeux.)<\/span><span data-ccp-props=\"\">\u00a0<\/span><\/li>\n<\/ul>\n<h2><span class=\"TextRun Highlight MacChromeBold SCXW254940379 BCX0\" lang=\"FR-CA\" xml:lang=\"FR-CA\" data-contrast=\"none\"><span class=\"NormalTextRun SCXW254940379 BCX0\" data-ccp-parastyle=\"Normal (Web)\"><span class=\"NormalTextRun SCXW116476615 BCX0\" data-ccp-parastyle=\"Normal (Web)\">Invit<\/span><span class=\"NormalTextRun SCXW116476615 BCX0\" data-ccp-parastyle=\"Normal (Web)\">ez G\u00e9n\u00e9ration E dans votre classe \u00e0 l'occasion du Jour de la Terre et m\u00eame apr\u00e8s<\/span><\/span><\/span><\/h2>\n<p><span data-contrast=\"none\">Notre coordonnatrice de liaison et d'engagement peut venir s'adresser gratuitement \u00e0 votre classe et contribuer ainsi \u00e0 favoriser un environnement ax\u00e9 sur la connaissance, l'action et la responsabilisation. En nous adressant \u00e0 votre classe, nous pouvons nous assurer que l'appel exprim\u00e9 \u00e0 l'occasion du Jour de la Terre qui vise \u00e0 poser des gestes durables et en mati\u00e8re d'efficacit\u00e9 \u00e9nerg\u00e9tique trouve \u00e9cho tous les jours.\u202f<\/span><span data-ccp-props=\"\">\u00a0<\/span><\/p>\n<p><span data-ccp-props=\"\">\u00a0<\/span><b><span data-contrast=\"none\">Envoyez-nous un courriel \u00e0 l'adresse hello@generation-e.ca ou consultez la page<\/span><\/b><a href=\"https:\/\/generation-e.ca\/fr\/nous-joindre\/\"><b><span data-contrast=\"none\"> Nous joindre<\/span><\/b><\/a><b><span data-contrast=\"none\"> pour planifier votre discussion en classe!<\/span><\/b><span data-ccp-props=\"\">\u00a0<\/span><\/p>\n<\/div><\/div><\/div><\/div><\/div>\n","protected":false},"excerpt":{"rendered":"","protected":false},"author":7,"featured_media":1737,"parent":0,"template":"","format":"gallery","meta":{"footnotes":""},"categories":[],"class_list":["post-1741","news","type-news","status-publish","format-gallery","has-post-thumbnail","hentry"],"yoast_head":"<!-- This site is optimized with the Yoast SEO plugin v27.3 - https:\/\/yoast.com\/product\/yoast-seo-wordpress\/ -->\n<title>RESSOURCES EN CLASSE \u00c0 L\u2019OCCASION DU JOUR DE LA TERRE - Generation E<\/title>\n<meta name=\"description\" content=\"Percevez-vous cette sensation d\u2019excitation qui nous envahit? Le Jour de la Terre est \u00e0 nos portes! Soulign\u00e9 chaque ann\u00e9e le 22 avril, le Jour de la Terre nous rappelle \u00e0 quel point il est urgent de prot\u00e9ger notre plan\u00e8te. En tant qu\u2019\u00e9ducateurs et \u00e9ducatrices, une possibilit\u00e9 inou\u00efe vous est offerte de donner \u00e0 vos \u00e9l\u00e8ves les moyens d\u2019exercer une influence positive gr\u00e2ce \u00e0 l&#039;efficacit\u00e9 \u00e9nerg\u00e9tique. C\u00e9l\u00e9brons ensemble le Jour de la Terre et dotons les \u00e9l\u00e8ves des outils et des ressources dont ils ont besoin pour \u00e9conomiser l&#039;\u00e9nergie et provoquer un changement. Consultez les ressources de G\u00e9n\u00e9ration E ci-dessous pour d\u00e9marrer!\" \/>\n<meta name=\"robots\" content=\"index, follow, max-snippet:-1, max-image-preview:large, max-video-preview:-1\" \/>\n<link rel=\"canonical\" href=\"https:\/\/generation-e.ca\/fr\/nouvelles\/ressources-en-classe-a-loccasion-du-jour-de-la-terre\/\" \/>\n<meta property=\"og:locale\" content=\"fr_FR\" \/>\n<meta property=\"og:type\" content=\"article\" \/>\n<meta property=\"og:title\" content=\"RESSOURCES EN CLASSE \u00c0 L\u2019OCCASION DU JOUR DE LA TERRE - Generation E\" \/>\n<meta property=\"og:description\" content=\"Percevez-vous cette sensation d\u2019excitation qui nous envahit? Le Jour de la Terre est \u00e0 nos portes! Soulign\u00e9 chaque ann\u00e9e le 22 avril, le Jour de la Terre nous rappelle \u00e0 quel point il est urgent de prot\u00e9ger notre plan\u00e8te. En tant qu\u2019\u00e9ducateurs et \u00e9ducatrices, une possibilit\u00e9 inou\u00efe vous est offerte de donner \u00e0 vos \u00e9l\u00e8ves les moyens d\u2019exercer une influence positive gr\u00e2ce \u00e0 l&#039;efficacit\u00e9 \u00e9nerg\u00e9tique. C\u00e9l\u00e9brons ensemble le Jour de la Terre et dotons les \u00e9l\u00e8ves des outils et des ressources dont ils ont besoin pour \u00e9conomiser l&#039;\u00e9nergie et provoquer un changement. Consultez les ressources de G\u00e9n\u00e9ration E ci-dessous pour d\u00e9marrer!\" \/>\n<meta property=\"og:url\" content=\"https:\/\/generation-e.ca\/fr\/nouvelles\/ressources-en-classe-a-loccasion-du-jour-de-la-terre\/\" \/>\n<meta property=\"og:site_name\" content=\"Generation E\" \/>\n<meta property=\"article:modified_time\" content=\"2024-04-02T19:53:35+00:00\" \/>\n<meta property=\"og:image\" content=\"https:\/\/generation-e.ca\/wp-content\/uploads\/2024\/04\/AdobeStock_408403480-scaled.jpeg\" \/>\n\t<meta property=\"og:image:width\" content=\"2560\" \/>\n\t<meta property=\"og:image:height\" content=\"1707\" \/>\n\t<meta property=\"og:image:type\" content=\"image\/jpeg\" \/>\n<meta name=\"twitter:card\" content=\"summary_large_image\" \/>\n<meta name=\"twitter:label1\" content=\"Dur\u00e9e de lecture estim\u00e9e\" \/>\n\t<meta name=\"twitter:data1\" content=\"4 minutes\" \/>\n<script type=\"application\/ld+json\" class=\"yoast-schema-graph\">{\"@context\":\"https:\\\/\\\/schema.org\",\"@graph\":[{\"@type\":\"WebPage\",\"@id\":\"https:\\\/\\\/generation-e.ca\\\/fr\\\/nouvelles\\\/ressources-en-classe-a-loccasion-du-jour-de-la-terre\\\/\",\"url\":\"https:\\\/\\\/generation-e.ca\\\/fr\\\/nouvelles\\\/ressources-en-classe-a-loccasion-du-jour-de-la-terre\\\/\",\"name\":\"RESSOURCES EN CLASSE \u00c0 L\u2019OCCASION DU JOUR DE LA TERRE - Generation E\",\"isPartOf\":{\"@id\":\"https:\\\/\\\/generation-e.ca\\\/fr\\\/#website\"},\"primaryImageOfPage\":{\"@id\":\"https:\\\/\\\/generation-e.ca\\\/fr\\\/nouvelles\\\/ressources-en-classe-a-loccasion-du-jour-de-la-terre\\\/#primaryimage\"},\"image\":{\"@id\":\"https:\\\/\\\/generation-e.ca\\\/fr\\\/nouvelles\\\/ressources-en-classe-a-loccasion-du-jour-de-la-terre\\\/#primaryimage\"},\"thumbnailUrl\":\"https:\\\/\\\/generation-e.ca\\\/wp-content\\\/uploads\\\/2024\\\/04\\\/AdobeStock_408403480-scaled.jpeg\",\"datePublished\":\"2024-04-02T19:52:00+00:00\",\"dateModified\":\"2024-04-02T19:53:35+00:00\",\"description\":\"Percevez-vous cette sensation d\u2019excitation qui nous envahit? Le Jour de la Terre est \u00e0 nos portes! Soulign\u00e9 chaque ann\u00e9e le 22 avril, le Jour de la Terre nous rappelle \u00e0 quel point il est urgent de prot\u00e9ger notre plan\u00e8te. En tant qu\u2019\u00e9ducateurs et \u00e9ducatrices, une possibilit\u00e9 inou\u00efe vous est offerte de donner \u00e0 vos \u00e9l\u00e8ves les moyens d\u2019exercer une influence positive gr\u00e2ce \u00e0 l'efficacit\u00e9 \u00e9nerg\u00e9tique. C\u00e9l\u00e9brons ensemble le Jour de la Terre et dotons les \u00e9l\u00e8ves des outils et des ressources dont ils ont besoin pour \u00e9conomiser l'\u00e9nergie et provoquer un changement. Consultez les ressources de G\u00e9n\u00e9ration E ci-dessous pour d\u00e9marrer!\",\"breadcrumb\":{\"@id\":\"https:\\\/\\\/generation-e.ca\\\/fr\\\/nouvelles\\\/ressources-en-classe-a-loccasion-du-jour-de-la-terre\\\/#breadcrumb\"},\"inLanguage\":\"fr-FR\",\"potentialAction\":[{\"@type\":\"ReadAction\",\"target\":[\"https:\\\/\\\/generation-e.ca\\\/fr\\\/nouvelles\\\/ressources-en-classe-a-loccasion-du-jour-de-la-terre\\\/\"]}]},{\"@type\":\"ImageObject\",\"inLanguage\":\"fr-FR\",\"@id\":\"https:\\\/\\\/generation-e.ca\\\/fr\\\/nouvelles\\\/ressources-en-classe-a-loccasion-du-jour-de-la-terre\\\/#primaryimage\",\"url\":\"https:\\\/\\\/generation-e.ca\\\/wp-content\\\/uploads\\\/2024\\\/04\\\/AdobeStock_408403480-scaled.jpeg\",\"contentUrl\":\"https:\\\/\\\/generation-e.ca\\\/wp-content\\\/uploads\\\/2024\\\/04\\\/AdobeStock_408403480-scaled.jpeg\",\"width\":2560,\"height\":1707,\"caption\":\"Two happy children having fun during forest hike on beautiful day in wood. The boy points to the girl with something interesting in the forest, and the girl shows her surprise.Selective focus.\"},{\"@type\":\"BreadcrumbList\",\"@id\":\"https:\\\/\\\/generation-e.ca\\\/fr\\\/nouvelles\\\/ressources-en-classe-a-loccasion-du-jour-de-la-terre\\\/#breadcrumb\",\"itemListElement\":[{\"@type\":\"ListItem\",\"position\":1,\"name\":\"Nouvelles\",\"item\":\"https:\\\/\\\/generation-e.ca\\\/fr\\\/nouvelles\\\/\"},{\"@type\":\"ListItem\",\"position\":2,\"name\":\"RESSOURCES EN CLASSE \u00c0 L\u2019OCCASION DU JOUR DE LA TERRE\"}]},{\"@type\":\"WebSite\",\"@id\":\"https:\\\/\\\/generation-e.ca\\\/fr\\\/#website\",\"url\":\"https:\\\/\\\/generation-e.ca\\\/fr\\\/\",\"name\":\"Generation E\",\"description\":\"Efficiency Manitoba\",\"potentialAction\":[{\"@type\":\"SearchAction\",\"target\":{\"@type\":\"EntryPoint\",\"urlTemplate\":\"https:\\\/\\\/generation-e.ca\\\/fr\\\/?s={search_term_string}\"},\"query-input\":{\"@type\":\"PropertyValueSpecification\",\"valueRequired\":true,\"valueName\":\"search_term_string\"}}],\"inLanguage\":\"fr-FR\"}]}<\/script>\n<!-- \/ Yoast SEO plugin. -->","yoast_head_json":{"title":"RESSOURCES EN CLASSE \u00c0 L\u2019OCCASION DU JOUR DE LA TERRE - Generation E","description":"Percevez-vous cette sensation d\u2019excitation qui nous envahit? Le Jour de la Terre est \u00e0 nos portes! Soulign\u00e9 chaque ann\u00e9e le 22 avril, le Jour de la Terre nous rappelle \u00e0 quel point il est urgent de prot\u00e9ger notre plan\u00e8te. En tant qu\u2019\u00e9ducateurs et \u00e9ducatrices, une possibilit\u00e9 inou\u00efe vous est offerte de donner \u00e0 vos \u00e9l\u00e8ves les moyens d\u2019exercer une influence positive gr\u00e2ce \u00e0 l'efficacit\u00e9 \u00e9nerg\u00e9tique. C\u00e9l\u00e9brons ensemble le Jour de la Terre et dotons les \u00e9l\u00e8ves des outils et des ressources dont ils ont besoin pour \u00e9conomiser l'\u00e9nergie et provoquer un changement. Consultez les ressources de G\u00e9n\u00e9ration E ci-dessous pour d\u00e9marrer!","robots":{"index":"index","follow":"follow","max-snippet":"max-snippet:-1","max-image-preview":"max-image-preview:large","max-video-preview":"max-video-preview:-1"},"canonical":"https:\/\/generation-e.ca\/fr\/nouvelles\/ressources-en-classe-a-loccasion-du-jour-de-la-terre\/","og_locale":"fr_FR","og_type":"article","og_title":"RESSOURCES EN CLASSE \u00c0 L\u2019OCCASION DU JOUR DE LA TERRE - Generation E","og_description":"Percevez-vous cette sensation d\u2019excitation qui nous envahit? Le Jour de la Terre est \u00e0 nos portes! Soulign\u00e9 chaque ann\u00e9e le 22 avril, le Jour de la Terre nous rappelle \u00e0 quel point il est urgent de prot\u00e9ger notre plan\u00e8te. En tant qu\u2019\u00e9ducateurs et \u00e9ducatrices, une possibilit\u00e9 inou\u00efe vous est offerte de donner \u00e0 vos \u00e9l\u00e8ves les moyens d\u2019exercer une influence positive gr\u00e2ce \u00e0 l'efficacit\u00e9 \u00e9nerg\u00e9tique. C\u00e9l\u00e9brons ensemble le Jour de la Terre et dotons les \u00e9l\u00e8ves des outils et des ressources dont ils ont besoin pour \u00e9conomiser l'\u00e9nergie et provoquer un changement. Consultez les ressources de G\u00e9n\u00e9ration E ci-dessous pour d\u00e9marrer!","og_url":"https:\/\/generation-e.ca\/fr\/nouvelles\/ressources-en-classe-a-loccasion-du-jour-de-la-terre\/","og_site_name":"Generation E","article_modified_time":"2024-04-02T19:53:35+00:00","og_image":[{"width":2560,"height":1707,"url":"https:\/\/generation-e.ca\/wp-content\/uploads\/2024\/04\/AdobeStock_408403480-scaled.jpeg","type":"image\/jpeg"}],"twitter_card":"summary_large_image","twitter_misc":{"Dur\u00e9e de lecture estim\u00e9e":"4 minutes"},"schema":{"@context":"https:\/\/schema.org","@graph":[{"@type":"WebPage","@id":"https:\/\/generation-e.ca\/fr\/nouvelles\/ressources-en-classe-a-loccasion-du-jour-de-la-terre\/","url":"https:\/\/generation-e.ca\/fr\/nouvelles\/ressources-en-classe-a-loccasion-du-jour-de-la-terre\/","name":"RESSOURCES EN CLASSE \u00c0 L\u2019OCCASION DU JOUR DE LA TERRE - Generation E","isPartOf":{"@id":"https:\/\/generation-e.ca\/fr\/#website"},"primaryImageOfPage":{"@id":"https:\/\/generation-e.ca\/fr\/nouvelles\/ressources-en-classe-a-loccasion-du-jour-de-la-terre\/#primaryimage"},"image":{"@id":"https:\/\/generation-e.ca\/fr\/nouvelles\/ressources-en-classe-a-loccasion-du-jour-de-la-terre\/#primaryimage"},"thumbnailUrl":"https:\/\/generation-e.ca\/wp-content\/uploads\/2024\/04\/AdobeStock_408403480-scaled.jpeg","datePublished":"2024-04-02T19:52:00+00:00","dateModified":"2024-04-02T19:53:35+00:00","description":"Percevez-vous cette sensation d\u2019excitation qui nous envahit? Le Jour de la Terre est \u00e0 nos portes! Soulign\u00e9 chaque ann\u00e9e le 22 avril, le Jour de la Terre nous rappelle \u00e0 quel point il est urgent de prot\u00e9ger notre plan\u00e8te. En tant qu\u2019\u00e9ducateurs et \u00e9ducatrices, une possibilit\u00e9 inou\u00efe vous est offerte de donner \u00e0 vos \u00e9l\u00e8ves les moyens d\u2019exercer une influence positive gr\u00e2ce \u00e0 l'efficacit\u00e9 \u00e9nerg\u00e9tique. C\u00e9l\u00e9brons ensemble le Jour de la Terre et dotons les \u00e9l\u00e8ves des outils et des ressources dont ils ont besoin pour \u00e9conomiser l'\u00e9nergie et provoquer un changement. Consultez les ressources de G\u00e9n\u00e9ration E ci-dessous pour d\u00e9marrer!","breadcrumb":{"@id":"https:\/\/generation-e.ca\/fr\/nouvelles\/ressources-en-classe-a-loccasion-du-jour-de-la-terre\/#breadcrumb"},"inLanguage":"fr-FR","potentialAction":[{"@type":"ReadAction","target":["https:\/\/generation-e.ca\/fr\/nouvelles\/ressources-en-classe-a-loccasion-du-jour-de-la-terre\/"]}]},{"@type":"ImageObject","inLanguage":"fr-FR","@id":"https:\/\/generation-e.ca\/fr\/nouvelles\/ressources-en-classe-a-loccasion-du-jour-de-la-terre\/#primaryimage","url":"https:\/\/generation-e.ca\/wp-content\/uploads\/2024\/04\/AdobeStock_408403480-scaled.jpeg","contentUrl":"https:\/\/generation-e.ca\/wp-content\/uploads\/2024\/04\/AdobeStock_408403480-scaled.jpeg","width":2560,"height":1707,"caption":"Two happy children having fun during forest hike on beautiful day in wood. The boy points to the girl with something interesting in the forest, and the girl shows her surprise.Selective focus."},{"@type":"BreadcrumbList","@id":"https:\/\/generation-e.ca\/fr\/nouvelles\/ressources-en-classe-a-loccasion-du-jour-de-la-terre\/#breadcrumb","itemListElement":[{"@type":"ListItem","position":1,"name":"Nouvelles","item":"https:\/\/generation-e.ca\/fr\/nouvelles\/"},{"@type":"ListItem","position":2,"name":"RESSOURCES EN CLASSE \u00c0 L\u2019OCCASION DU JOUR DE LA TERRE"}]},{"@type":"WebSite","@id":"https:\/\/generation-e.ca\/fr\/#website","url":"https:\/\/generation-e.ca\/fr\/","name":"Generation E","description":"Efficiency Manitoba","potentialAction":[{"@type":"SearchAction","target":{"@type":"EntryPoint","urlTemplate":"https:\/\/generation-e.ca\/fr\/?s={search_term_string}"},"query-input":{"@type":"PropertyValueSpecification","valueRequired":true,"valueName":"search_term_string"}}],"inLanguage":"fr-FR"}]}},"_links":{"self":[{"href":"https:\/\/generation-e.ca\/fr\/wp-json\/wp\/v2\/news\/1741","targetHints":{"allow":["GET"]}}],"collection":[{"href":"https:\/\/generation-e.ca\/fr\/wp-json\/wp\/v2\/news"}],"about":[{"href":"https:\/\/generation-e.ca\/fr\/wp-json\/wp\/v2\/types\/news"}],"author":[{"embeddable":true,"href":"https:\/\/generation-e.ca\/fr\/wp-json\/wp\/v2\/users\/7"}],"version-history":[{"count":2,"href":"https:\/\/generation-e.ca\/fr\/wp-json\/wp\/v2\/news\/1741\/revisions"}],"predecessor-version":[{"id":1743,"href":"https:\/\/generation-e.ca\/fr\/wp-json\/wp\/v2\/news\/1741\/revisions\/1743"}],"wp:featuredmedia":[{"embeddable":true,"href":"https:\/\/generation-e.ca\/fr\/wp-json\/wp\/v2\/media\/1737"}],"wp:attachment":[{"href":"https:\/\/generation-e.ca\/fr\/wp-json\/wp\/v2\/media?parent=1741"}],"wp:term":[{"taxonomy":"category","embeddable":true,"href":"https:\/\/generation-e.ca\/fr\/wp-json\/wp\/v2\/categories?post=1741"}],"curies":[{"name":"wp","href":"https:\/\/api.w.org\/{rel}","templated":true}]}}